{"id":3080,"date":"2020-10-19T17:51:46","date_gmt":"2020-10-19T22:51:46","guid":{"rendered":"https:\/\/oasis.hostingpruebaspearl.com\/?p=3080"},"modified":"2021-03-12T12:42:09","modified_gmt":"2021-03-12T18:42:09","slug":"calidad-del-aire-y-su-impacto-en-la-salud-y-medio-ambiente","status":"publish","type":"post","link":"https:\/\/oasis.hostingpruebaspearl.com\/en\/calidad-del-aire-y-su-impacto-en-la-salud-y-medio-ambiente\/","title":{"rendered":"Air quality and its impact on Health and the Environment"},"content":{"rendered":"<div data-elementor-type=\"wp-post\" data-elementor-id=\"3080\" class=\"elementor elementor-3080\" data-elementor-post-type=\"post\">\n\t\t\t\t\t\t<section class=\"elementor-section elementor-top-section elementor-element elementor-element-51f55c6d elementor-section-stretched elementor-section-full_width elementor-section-height-full elementor-section-height-default elementor-section-items-middle\" data-id=\"51f55c6d\" data-element_type=\"section\" data-e-type=\"section\" data-settings=\"{&quot;background_background&quot;:&quot;classic&quot;,&quot;stretch_section&quot;:&quot;section-stretched&quot;}\">\n\t\t\t\t\t\t\t<div class=\"elementor-background-overlay\"><\/div>\n\t\t\t\t\t\t\t<div class=\"elementor-container elementor-column-gap-no\">\n\t\t\t\t\t<div class=\"elementor-column elementor-col-100 elementor-top-column elementor-element elementor-element-d522588\" data-id=\"d522588\" data-element_type=\"column\" data-e-type=\"column\">\n\t\t\t<div class=\"elementor-widget-wrap\">\n\t\t\t\t\t\t\t<\/div>\n\t\t<\/div>\n\t\t\t\t\t<\/div>\n\t\t<\/section>\n\t\t\t\t<section class=\"elementor-section elementor-top-section elementor-element elementor-element-41dac522 elementor-section-boxed elementor-section-height-default elementor-section-height-default\" data-id=\"41dac522\" data-element_type=\"section\" data-e-type=\"section\">\n\t\t\t\t\t\t<div class=\"elementor-container elementor-column-gap-default\">\n\t\t\t\t\t<div class=\"elementor-column elementor-col-100 elementor-top-column elementor-element elementor-element-1192393b\" data-id=\"1192393b\" data-element_type=\"column\" data-e-type=\"column\">\n\t\t\t<div class=\"elementor-widget-wrap elementor-element-populated\">\n\t\t\t\t\t\t<section class=\"elementor-section elementor-inner-section elementor-element elementor-element-6c162f77 elementor-section-boxed elementor-section-height-default elementor-section-height-default\" data-id=\"6c162f77\" data-element_type=\"section\" data-e-type=\"section\">\n\t\t\t\t\t\t<div class=\"elementor-container elementor-column-gap-default\">\n\t\t\t\t\t<div class=\"elementor-column elementor-col-50 elementor-inner-column elementor-element elementor-element-3259deb0\" data-id=\"3259deb0\" data-element_type=\"column\" data-e-type=\"column\">\n\t\t\t<div class=\"elementor-widget-wrap elementor-element-populated\">\n\t\t\t\t\t\t<div class=\"elementor-element elementor-element-7a48c1ab elementor-widget elementor-widget-image\" data-id=\"7a48c1ab\" data-element_type=\"widget\" data-e-type=\"widget\" data-widget_type=\"image.default\">\n\t\t\t\t<div class=\"elementor-widget-container\">\n\t\t\t\t\t\t\t\t\t\t\t\t\t\t\t<img fetchpriority=\"high\" decoding=\"async\" width=\"640\" height=\"570\" src=\"https:\/\/oasis.hostingpruebaspearl.com\/wp-content\/uploads\/2020\/10\/calidad_aire.jpg\" class=\"attachment-large size-large wp-image-3086\" alt=\"contaminacion-del-aire\" srcset=\"https:\/\/oasis.hostingpruebaspearl.com\/wp-content\/uploads\/2020\/10\/calidad_aire.jpg 640w, https:\/\/oasis.hostingpruebaspearl.com\/wp-content\/uploads\/2020\/10\/calidad_aire-300x267.jpg 300w, https:\/\/oasis.hostingpruebaspearl.com\/wp-content\/uploads\/2020\/10\/calidad_aire-13x12.jpg 13w\" sizes=\"(max-width: 640px) 100vw, 640px\" \/>\t\t\t\t\t\t\t\t\t\t\t\t\t\t\t<\/div>\n\t\t\t\t<\/div>\n\t\t\t\t\t<\/div>\n\t\t<\/div>\n\t\t\t\t<div class=\"elementor-column elementor-col-50 elementor-inner-column elementor-element elementor-element-7d80c43e\" data-id=\"7d80c43e\" data-element_type=\"column\" data-e-type=\"column\">\n\t\t\t<div class=\"elementor-widget-wrap elementor-element-populated\">\n\t\t\t\t\t\t<div class=\"elementor-element elementor-element-949cc7d elementor-widget elementor-widget-heading\" data-id=\"949cc7d\" data-element_type=\"widget\" data-e-type=\"widget\" data-widget_type=\"heading.default\">\n\t\t\t\t<div class=\"elementor-widget-container\">\n\t\t\t\t\t<h4 class=\"elementor-heading-title elementor-size-default\">BLOG<\/h4>\t\t\t\t<\/div>\n\t\t\t\t<\/div>\n\t\t\t\t<div class=\"elementor-element elementor-element-50e2f13 elementor-widget elementor-widget-heading\" data-id=\"50e2f13\" data-element_type=\"widget\" data-e-type=\"widget\" data-widget_type=\"heading.default\">\n\t\t\t\t<div class=\"elementor-widget-container\">\n\t\t\t\t\t<h1 class=\"elementor-heading-title elementor-size-default\">Air quality and its impact on Health and the Environment <\/h1>\t\t\t\t<\/div>\n\t\t\t\t<\/div>\n\t\t\t\t<div class=\"elementor-element elementor-element-982cfe8 elementor-widget-divider--view-line elementor-widget elementor-widget-divider\" data-id=\"982cfe8\" data-element_type=\"widget\" data-e-type=\"widget\" data-widget_type=\"divider.default\">\n\t\t\t\t<div class=\"elementor-widget-container\">\n\t\t\t\t\t\t\t<div class=\"elementor-divider\">\n\t\t\t<span class=\"elementor-divider-separator\">\n\t\t\t\t\t\t<\/span>\n\t\t<\/div>\n\t\t\t\t\t\t<\/div>\n\t\t\t\t<\/div>\n\t\t\t\t<div class=\"elementor-element elementor-element-37866699 elementor-widget elementor-widget-text-editor\" data-id=\"37866699\" data-element_type=\"widget\" data-e-type=\"widget\" data-widget_type=\"text-editor.default\">\n\t\t\t\t<div class=\"elementor-widget-container\">\n\t\t\t\t\t\t\t\t\t<p>For companies worldwide, one of the main concerns today is the impact of their production on the environment, air quality is a priority issue due to the risk it represents for this and for the health of its employees, the damages that air pollution can cause are serious, the <a href=\"https:\/\/www.who.int\/es\/news-room\/fact-sheets\/detail\/ambient-(outdoor)-air-quality-and-health\">World Health Organization (OMS)<\/a><\/p>\t\t\t\t\t\t\t\t<\/div>\n\t\t\t\t<\/div>\n\t\t\t\t\t<\/div>\n\t\t<\/div>\n\t\t\t\t\t<\/div>\n\t\t<\/section>\n\t\t\t\t<section class=\"elementor-section elementor-inner-section elementor-element elementor-element-46af0d5 elementor-section-boxed elementor-section-height-default elementor-section-height-default\" data-id=\"46af0d5\" data-element_type=\"section\" data-e-type=\"section\">\n\t\t\t\t\t\t<div class=\"elementor-container elementor-column-gap-default\">\n\t\t\t\t\t<div class=\"elementor-column elementor-col-100 elementor-inner-column elementor-element elementor-element-cff629d\" data-id=\"cff629d\" data-element_type=\"column\" data-e-type=\"column\">\n\t\t\t<div class=\"elementor-widget-wrap elementor-element-populated\">\n\t\t\t\t\t\t<div class=\"elementor-element elementor-element-1558a46 elementor-widget elementor-widget-text-editor\" data-id=\"1558a46\" data-element_type=\"widget\" data-e-type=\"widget\" data-widget_type=\"text-editor.default\">\n\t\t\t\t<div class=\"elementor-widget-container\">\n\t\t\t\t\t\t\t\t\t<p>highlights that in previous years the main respiratory diseases resulted in cerebrovascular accidents, lung cancer, chronic and acute lung diseases, including asthma.<\/p><p>Exposure to <a href=\"https:\/\/es.wikipedia.org\/wiki\/PM2.5\">2.5 micron particles (PM 2.5)<\/a> or smaller diameter caused in some parts of the world, the <em>91% of premature deaths due to air pollution in general, 58% of these related to air pollution were due to ischemic heart disease and stroke, while 18% were due to chronic obstructive pulmonary diseases and respiratory infections acute, and 6% to lung cancer.<\/em><\/p>\t\t\t\t\t\t\t\t<\/div>\n\t\t\t\t<\/div>\n\t\t\t\t\t<\/div>\n\t\t<\/div>\n\t\t\t\t\t<\/div>\n\t\t<\/section>\n\t\t\t\t<section class=\"elementor-section elementor-inner-section elementor-element elementor-element-192e1e5 elementor-section-boxed elementor-section-height-default elementor-section-height-default\" data-id=\"192e1e5\" data-element_type=\"section\" data-e-type=\"section\">\n\t\t\t\t\t\t<div class=\"elementor-container elementor-column-gap-default\">\n\t\t\t\t\t<div class=\"elementor-column elementor-col-100 elementor-inner-column elementor-element elementor-element-932465d\" data-id=\"932465d\" data-element_type=\"column\" data-e-type=\"column\">\n\t\t\t<div class=\"elementor-widget-wrap elementor-element-populated\">\n\t\t\t\t\t\t<div class=\"elementor-element elementor-element-49edb84 elementor-widget elementor-widget-heading\" data-id=\"49edb84\" data-element_type=\"widget\" data-e-type=\"widget\" data-widget_type=\"heading.default\">\n\t\t\t\t<div class=\"elementor-widget-container\">\n\t\t\t\t\t<h2 class=\"elementor-heading-title elementor-size-default\">Rules and Regulations in Mexico<\/h2>\t\t\t\t<\/div>\n\t\t\t\t<\/div>\n\t\t\t\t\t<\/div>\n\t\t<\/div>\n\t\t\t\t\t<\/div>\n\t\t<\/section>\n\t\t\t\t<section class=\"elementor-section elementor-inner-section elementor-element elementor-element-486fe1f elementor-section-boxed elementor-section-height-default elementor-section-height-default\" data-id=\"486fe1f\" data-element_type=\"section\" data-e-type=\"section\">\n\t\t\t\t\t\t<div class=\"elementor-container elementor-column-gap-default\">\n\t\t\t\t\t<div class=\"elementor-column elementor-col-50 elementor-inner-column elementor-element elementor-element-ad20955\" data-id=\"ad20955\" data-element_type=\"column\" data-e-type=\"column\">\n\t\t\t<div class=\"elementor-widget-wrap elementor-element-populated\">\n\t\t\t\t\t\t<div class=\"elementor-element elementor-element-d9a98d8 elementor-widget elementor-widget-text-editor\" data-id=\"d9a98d8\" data-element_type=\"widget\" data-e-type=\"widget\" data-widget_type=\"text-editor.default\">\n\t\t\t\t<div class=\"elementor-widget-container\">\n\t\t\t\t\t\t\t\t\t<p>In Mexico, there are regulations that allow regulating these matters of great importance, the norm\u00a0<a href=\"http:\/\/www.stps.gob.mx\/bp\/secciones\/dgsst\/normatividad\/normas\/Nom-019.pdf\" target=\"_blank\" rel=\"noopener\">NOM-019-STPS-2004<\/a>\u00a0Among others, it indicates the Safety and Hygiene conditions in the work centers, emphasizing ventilation, it establishes that companies must have natural or artificial ventilation systems that prevent damage to the health of employees, also in the <a href=\"http:\/\/www.profepa.gob.mx\/innovaportal\/file\/6685\/1\/acuerdo_modificatorio_nom-085-semarnat-2011.pdf\">NOM-085-SEMARNAT-2011<\/a> Among others, the maximum levels allowed for the emission of fumes, dust, particles, carbon monoxides (CO), sulfur dioxide (SO\u2082) and nitrogen oxides (NO\u2093) and the responsibility of the companies are established.<\/p>\t\t\t\t\t\t\t\t<\/div>\n\t\t\t\t<\/div>\n\t\t\t\t<div class=\"elementor-element elementor-element-b1adff1 elementor-widget elementor-widget-text-editor\" data-id=\"b1adff1\" data-element_type=\"widget\" data-e-type=\"widget\" data-widget_type=\"text-editor.default\">\n\t\t\t\t<div class=\"elementor-widget-container\">\n\t\t\t\t\t\t\t\t\t<h5><strong>Do you need to improve the air quality within your facilities?<\/strong><\/h5><h5><strong>Do you want to avoid fines for harmful emissions into the atmosphere?<\/strong><\/h5><h4><strong><a href=\"https:\/\/oasis.hostingpruebaspearl.com\/contacto\/\">Contact us<\/a>, We are here to help you.<\/strong><\/h4>\t\t\t\t\t\t\t\t<\/div>\n\t\t\t\t<\/div>\n\t\t\t\t\t<\/div>\n\t\t<\/div>\n\t\t\t\t<div class=\"elementor-column elementor-col-50 elementor-inner-column elementor-element elementor-element-b7bdc2a\" data-id=\"b7bdc2a\" data-element_type=\"column\" data-e-type=\"column\">\n\t\t\t<div class=\"elementor-widget-wrap elementor-element-populated\">\n\t\t\t\t\t\t<div class=\"elementor-element elementor-element-860748e elementor-widget elementor-widget-image\" data-id=\"860748e\" data-element_type=\"widget\" data-e-type=\"widget\" data-widget_type=\"image.default\">\n\t\t\t\t<div class=\"elementor-widget-container\">\n\t\t\t\t\t\t\t\t\t\t\t\t\t\t\t<img decoding=\"async\" width=\"640\" height=\"570\" src=\"https:\/\/oasis.hostingpruebaspearl.com\/wp-content\/uploads\/2020\/10\/calidad_aire_mexico.jpg\" class=\"attachment-large size-large wp-image-3087\" alt=\"contaminacion-del-aire-mexico\" srcset=\"https:\/\/oasis.hostingpruebaspearl.com\/wp-content\/uploads\/2020\/10\/calidad_aire_mexico.jpg 640w, https:\/\/oasis.hostingpruebaspearl.com\/wp-content\/uploads\/2020\/10\/calidad_aire_mexico-300x267.jpg 300w, https:\/\/oasis.hostingpruebaspearl.com\/wp-content\/uploads\/2020\/10\/calidad_aire_mexico-13x12.jpg 13w\" sizes=\"(max-width: 640px) 100vw, 640px\" \/>\t\t\t\t\t\t\t\t\t\t\t\t\t\t\t<\/div>\n\t\t\t\t<\/div>\n\t\t\t\t\t<\/div>\n\t\t<\/div>\n\t\t\t\t\t<\/div>\n\t\t<\/section>\n\t\t\t\t\t<\/div>\n\t\t<\/div>\n\t\t\t\t\t<\/div>\n\t\t<\/section>\n\t\t\t\t<section class=\"elementor-section elementor-top-section elementor-element elementor-element-75774e2 elementor-section-boxed elementor-section-height-default elementor-section-height-default\" data-id=\"75774e2\" data-element_type=\"section\" data-e-type=\"section\" data-settings=\"{&quot;background_background&quot;:&quot;classic&quot;}\">\n\t\t\t\t\t\t\t<div class=\"elementor-background-overlay\"><\/div>\n\t\t\t\t\t\t\t<div class=\"elementor-container elementor-column-gap-default\">\n\t\t\t\t\t<div class=\"elementor-column elementor-col-100 elementor-top-column elementor-element elementor-element-7e672d9\" data-id=\"7e672d9\" data-element_type=\"column\" data-e-type=\"column\">\n\t\t\t<div class=\"elementor-widget-wrap elementor-element-populated\">\n\t\t\t\t\t\t<section class=\"elementor-section elementor-inner-section elementor-element elementor-element-54dcdcb elementor-section-boxed elementor-section-height-default elementor-section-height-default\" data-id=\"54dcdcb\" data-element_type=\"section\" data-e-type=\"section\">\n\t\t\t\t\t\t<div class=\"elementor-container elementor-column-gap-default\">\n\t\t\t\t\t<div class=\"elementor-column elementor-col-50 elementor-inner-column elementor-element elementor-element-2b70131\" data-id=\"2b70131\" data-element_type=\"column\" data-e-type=\"column\">\n\t\t\t<div class=\"elementor-widget-wrap elementor-element-populated\">\n\t\t\t\t\t\t<div class=\"elementor-element elementor-element-57dc2b8 elementor-widget elementor-widget-heading\" data-id=\"57dc2b8\" data-element_type=\"widget\" data-e-type=\"widget\" data-widget_type=\"heading.default\">\n\t\t\t\t<div class=\"elementor-widget-container\">\n\t\t\t\t\t<h3 class=\"elementor-heading-title elementor-size-default\">Dust Collectors in Industry<\/h3>\t\t\t\t<\/div>\n\t\t\t\t<\/div>\n\t\t\t\t<div class=\"elementor-element elementor-element-7c0e961 elementor-widget elementor-widget-text-editor\" data-id=\"7c0e961\" data-element_type=\"widget\" data-e-type=\"widget\" data-widget_type=\"text-editor.default\">\n\t\t\t\t<div class=\"elementor-widget-container\">\n\t\t\t\t\t\t\t\t\t<p>For the Industry in Mexico, the implementation of <a href=\"https:\/\/oasis.hostingpruebaspearl.com\/productos\/\">Dust Collector Systems<\/a>, Smoke Collectors, Mist Collectors, Industrial Gas Collectors or Industrial Ventilation Systems, in accordance with the standard <a href=\"https:\/\/www.cmic.org.mx\/comisiones\/Sectoriales\/medioambiente\/Varios\/Leyes_y_Normas_SEMARNAT\/NMX\/residuos\/3..pdf\">NMX-AA-118-SCFI-2001<\/a> Among others of the SEMARNAT, it is established that it is essential to mitigate emissions to the atmosphere through these systems, which allow controlling and filtering harmful particles, helping to improve the quality of the air that circulates within the facilities, avoiding damage to the Employee health and if necessary, the air that needs to be expelled into the atmosphere is clean and helps reduce the impact on the environment, following these indications, the <a href=\"https:\/\/www.occ.com.mx\/blog\/empresa-socialmente-responsable\/\">companies become socially responsible<\/a> and <a href=\"https:\/\/es.wikipedia.org\/wiki\/Respetuoso_con_el_medio_ambiente\">eco friendly<\/a> by complying with the provisions of the law.<\/p>\t\t\t\t\t\t\t\t<\/div>\n\t\t\t\t<\/div>\n\t\t\t\t<div class=\"elementor-element elementor-element-a4a57eb elementor-widget elementor-widget-image\" data-id=\"a4a57eb\" data-element_type=\"widget\" data-e-type=\"widget\" data-widget_type=\"image.default\">\n\t\t\t\t<div class=\"elementor-widget-container\">\n\t\t\t\t\t\t\t\t\t\t\t\t\t\t\t<img decoding=\"async\" width=\"640\" height=\"570\" src=\"https:\/\/oasis.hostingpruebaspearl.com\/wp-content\/uploads\/2020\/10\/ventilacion_en_fabrica.jpg\" class=\"attachment-large size-large wp-image-3088\" alt=\"contaminacion-del-ambiente-de-trabajo\" srcset=\"https:\/\/oasis.hostingpruebaspearl.com\/wp-content\/uploads\/2020\/10\/ventilacion_en_fabrica.jpg 640w, https:\/\/oasis.hostingpruebaspearl.com\/wp-content\/uploads\/2020\/10\/ventilacion_en_fabrica-300x267.jpg 300w, https:\/\/oasis.hostingpruebaspearl.com\/wp-content\/uploads\/2020\/10\/ventilacion_en_fabrica-13x12.jpg 13w\" sizes=\"(max-width: 640px) 100vw, 640px\" \/>\t\t\t\t\t\t\t\t\t\t\t\t\t\t\t<\/div>\n\t\t\t\t<\/div>\n\t\t\t\t\t<\/div>\n\t\t<\/div>\n\t\t\t\t<div class=\"elementor-column elementor-col-50 elementor-inner-column elementor-element elementor-element-f6521fb\" data-id=\"f6521fb\" data-element_type=\"column\" data-e-type=\"column\">\n\t\t\t<div class=\"elementor-widget-wrap elementor-element-populated\">\n\t\t\t\t\t\t<div class=\"elementor-element elementor-element-537c0fe elementor-widget elementor-widget-image\" data-id=\"537c0fe\" data-element_type=\"widget\" data-e-type=\"widget\" data-widget_type=\"image.default\">\n\t\t\t\t<div class=\"elementor-widget-container\">\n\t\t\t\t\t\t\t\t\t\t\t\t\t\t\t<img loading=\"lazy\" decoding=\"async\" width=\"640\" height=\"570\" src=\"https:\/\/oasis.hostingpruebaspearl.com\/wp-content\/uploads\/2020\/10\/colector_tipo_bolsa.jpg\" class=\"attachment-large size-large wp-image-3089\" alt=\"Renovar viejo colector de polvos\" srcset=\"https:\/\/oasis.hostingpruebaspearl.com\/wp-content\/uploads\/2020\/10\/colector_tipo_bolsa.jpg 640w, https:\/\/oasis.hostingpruebaspearl.com\/wp-content\/uploads\/2020\/10\/colector_tipo_bolsa-300x267.jpg 300w, https:\/\/oasis.hostingpruebaspearl.com\/wp-content\/uploads\/2020\/10\/colector_tipo_bolsa-13x12.jpg 13w\" sizes=\"(max-width: 640px) 100vw, 640px\" \/>\t\t\t\t\t\t\t\t\t\t\t\t\t\t\t<\/div>\n\t\t\t\t<\/div>\n\t\t\t\t<div class=\"elementor-element elementor-element-8c28700 elementor-widget elementor-widget-text-editor\" data-id=\"8c28700\" data-element_type=\"widget\" data-e-type=\"widget\" data-widget_type=\"text-editor.default\">\n\t\t\t\t<div class=\"elementor-widget-container\">\n\t\t\t\t\t\t\t\t\t<p>Bag type collector for dust control within the facilities.<\/p>\t\t\t\t\t\t\t\t<\/div>\n\t\t\t\t<\/div>\n\t\t\t\t<div class=\"elementor-element elementor-element-4d62892 elementor-widget elementor-widget-text-editor\" data-id=\"4d62892\" data-element_type=\"widget\" data-e-type=\"widget\" data-widget_type=\"text-editor.default\">\n\t\t\t\t<div class=\"elementor-widget-container\">\n\t\t\t\t\t\t\t\t\t<p><strong>Types of Collectors:<\/strong><\/p><ul><li><a href=\"https:\/\/oasis.hostingpruebaspearl.com\/es_mx\/portfolio\/colectores-de-polvo-tipo-cartucho\/\">Cartridge Cartridge<\/a><\/li><li><a href=\"https:\/\/oasis.hostingpruebaspearl.com\/es_mx\/portfolio\/colectores-de-polvo-tipo-bolsa\/\">Bag DYNA FLO\u00ae<\/a><\/li><li><a href=\"https:\/\/oasis.hostingpruebaspearl.com\/es_mx\/portfolio\/colectores-de-polvo-tipo-ciclon\/\">Cyclone DYNA FLO\u00ae<\/a><\/li><li><a href=\"https:\/\/oasis.hostingpruebaspearl.com\/es_mx\/portfolio\/colectores-de-neblinas\/\">Mist DYNA FLO\u00ae<\/a><\/li><li><a href=\"https:\/\/oasis.hostingpruebaspearl.com\/es_mx\/portfolio\/colectores-de-polvo-tipo-bin-vent\/\">Bin Vent DYNA FLO\u00ae<\/a><\/li><li><a href=\"https:\/\/oasis.hostingpruebaspearl.com\/es_mx\/portfolio\/colectores-de-polvo-portatiles\/\">Portable DYNA FLO\u00ae<\/a><\/li><\/ul>\t\t\t\t\t\t\t\t<\/div>\n\t\t\t\t<\/div>\n\t\t\t\t\t<\/div>\n\t\t<\/div>\n\t\t\t\t\t<\/div>\n\t\t<\/section>\n\t\t\t\t<section class=\"elementor-section elementor-inner-section elementor-element elementor-element-d277d85 elementor-section-boxed elementor-section-height-default elementor-section-height-default\" data-id=\"d277d85\" data-element_type=\"section\" data-e-type=\"section\">\n\t\t\t\t\t\t<div class=\"elementor-container elementor-column-gap-default\">\n\t\t\t\t\t<div class=\"elementor-column elementor-col-100 elementor-inner-column elementor-element elementor-element-fbee1e7\" data-id=\"fbee1e7\" data-element_type=\"column\" data-e-type=\"column\">\n\t\t\t<div class=\"elementor-widget-wrap elementor-element-populated\">\n\t\t\t\t\t\t<div class=\"elementor-element elementor-element-a35f8b3 elementor-widget elementor-widget-text-editor\" data-id=\"a35f8b3\" data-element_type=\"widget\" data-e-type=\"widget\" data-widget_type=\"text-editor.default\">\n\t\t\t\t<div class=\"elementor-widget-container\">\n\t\t\t\t\t\t\t\t\t<p><strong>Tips DYNA FLO<\/strong><strong>\u00ae<\/strong><strong>:<\/strong>\u00a0<\/p><ul><li>Implement DYNA FLO\u00ae dust, fume or mist collector systems in your facilities.<\/li><li>Reduce possible damage to the health of your employees, applying particle handling and control protocols.<\/li><li>Always seek professional advice to know what type of equipment you need in your company.<\/li><\/ul>\t\t\t\t\t\t\t\t<\/div>\n\t\t\t\t<\/div>\n\t\t\t\t\t<\/div>\n\t\t<\/div>\n\t\t\t\t\t<\/div>\n\t\t<\/section>\n\t\t\t\t\t<\/div>\n\t\t<\/div>\n\t\t\t\t\t<\/div>\n\t\t<\/section>\n\t\t\t\t<section class=\"elementor-section elementor-top-section elementor-element elementor-element-76053ee elementor-section-full_width elementor-section-height-default elementor-section-height-default\" data-id=\"76053ee\" data-element_type=\"section\" data-e-type=\"section\">\n\t\t\t\t\t\t<div class=\"elementor-container elementor-column-gap-no\">\n\t\t\t\t\t<div class=\"elementor-column elementor-col-100 elementor-top-column elementor-element elementor-element-a44d522\" data-id=\"a44d522\" data-element_type=\"column\" data-e-type=\"column\">\n\t\t\t<div class=\"elementor-widget-wrap elementor-element-populated\">\n\t\t\t\t\t\t<div class=\"elementor-element elementor-element-4f623ef elementor-widget elementor-widget-template\" data-id=\"4f623ef\" data-element_type=\"widget\" data-e-type=\"widget\" data-widget_type=\"template.default\">\n\t\t\t\t<div class=\"elementor-widget-container\">\n\t\t\t\t\t\t\t<div class=\"elementor-template\">\n\t\t\t\t\t<div data-elementor-type=\"section\" data-elementor-id=\"2951\" class=\"elementor elementor-2951\" data-elementor-post-type=\"elementor_library\">\n\t\t\t\t\t<section class=\"elementor-section elementor-top-section elementor-element elementor-element-e672eff elementor-section-boxed elementor-section-height-default elementor-section-height-default\" data-id=\"e672eff\" data-element_type=\"section\" data-e-type=\"section\" data-settings=\"{&quot;background_background&quot;:&quot;classic&quot;}\">\n\t\t\t\t\t\t<div class=\"elementor-container elementor-column-gap-default\">\n\t\t\t\t\t<div class=\"elementor-column elementor-col-100 elementor-top-column elementor-element elementor-element-cd842bf\" data-id=\"cd842bf\" data-element_type=\"column\" data-e-type=\"column\">\n\t\t\t<div class=\"elementor-widget-wrap elementor-element-populated\">\n\t\t\t\t\t\t<section class=\"elementor-section elementor-inner-section elementor-element elementor-element-b088393 elementor-section-boxed elementor-section-height-default elementor-section-height-default\" data-id=\"b088393\" data-element_type=\"section\" data-e-type=\"section\">\n\t\t\t\t\t\t<div class=\"elementor-container elementor-column-gap-default\">\n\t\t\t\t\t<div class=\"elementor-column elementor-col-100 elementor-inner-column elementor-element elementor-element-4440467\" data-id=\"4440467\" data-element_type=\"column\" data-e-type=\"column\">\n\t\t\t<div class=\"elementor-widget-wrap elementor-element-populated\">\n\t\t\t\t\t<div class=\"elementor-background-overlay\"><\/div>\n\t\t\t\t\t\t<div class=\"elementor-element elementor-element-55a5034 elementor-widget elementor-widget-heading\" data-id=\"55a5034\" data-element_type=\"widget\" data-e-type=\"widget\" data-widget_type=\"heading.default\">\n\t\t\t\t<div class=\"elementor-widget-container\">\n\t\t\t\t\t<h4 class=\"elementor-heading-title elementor-size-default\">Other articles of interest<\/h4>\t\t\t\t<\/div>\n\t\t\t\t<\/div>\n\t\t\t\t<div class=\"elementor-element elementor-element-0dc2343 elementor-widget-divider--view-line elementor-widget elementor-widget-divider\" data-id=\"0dc2343\" data-element_type=\"widget\" data-e-type=\"widget\" data-widget_type=\"divider.default\">\n\t\t\t\t<div class=\"elementor-widget-container\">\n\t\t\t\t\t\t\t<div class=\"elementor-divider\">\n\t\t\t<span class=\"elementor-divider-separator\">\n\t\t\t\t\t\t<\/span>\n\t\t<\/div>\n\t\t\t\t\t\t<\/div>\n\t\t\t\t<\/div>\n\t\t\t\t\t<\/div>\n\t\t<\/div>\n\t\t\t\t\t<\/div>\n\t\t<\/section>\n\t\t\t\t<section class=\"elementor-section elementor-inner-section elementor-element elementor-element-3ddaf0c elementor-section-boxed elementor-section-height-default elementor-section-height-default\" data-id=\"3ddaf0c\" data-element_type=\"section\" data-e-type=\"section\">\n\t\t\t\t\t\t<div class=\"elementor-container elementor-column-gap-default\">\n\t\t\t\t\t<div class=\"elementor-column elementor-col-100 elementor-inner-column elementor-element elementor-element-766d6c8\" data-id=\"766d6c8\" data-element_type=\"column\" data-e-type=\"column\">\n\t\t\t<div class=\"elementor-widget-wrap elementor-element-populated\">\n\t\t\t\t\t<div class=\"elementor-background-overlay\"><\/div>\n\t\t\t\t\t\t<div class=\"elementor-element elementor-element-98d416d elementor-grid-tablet-3 elementor-posts__hover-none elementor-grid-3 elementor-grid-mobile-1 elementor-posts--thumbnail-top elementor-widget elementor-widget-posts\" data-id=\"98d416d\" data-element_type=\"widget\" data-e-type=\"widget\" data-settings=\"{&quot;cards_columns_tablet&quot;:&quot;3&quot;,&quot;cards_row_gap&quot;:{&quot;unit&quot;:&quot;px&quot;,&quot;size&quot;:30,&quot;sizes&quot;:[]},&quot;cards_columns&quot;:&quot;3&quot;,&quot;cards_columns_mobile&quot;:&quot;1&quot;,&quot;cards_row_gap_tablet&quot;:{&quot;unit&quot;:&quot;px&quot;,&quot;size&quot;:&quot;&quot;,&quot;sizes&quot;:[]},&quot;cards_row_gap_mobile&quot;:{&quot;unit&quot;:&quot;px&quot;,&quot;size&quot;:&quot;&quot;,&quot;sizes&quot;:[]}}\" data-widget_type=\"posts.cards\">\n\t\t\t\t<div class=\"elementor-widget-container\">\n\t\t\t\t\t\t\t<div class=\"elementor-posts-container elementor-posts elementor-posts--skin-cards elementor-grid\" role=\"list\">\n\t\t\t\t<article class=\"elementor-post elementor-grid-item post-2446 post type-post status-publish format-standard has-post-thumbnail hentry category-ventilacion-industrial tag-atmosfera-explosiva tag-ventilacion-industrial tag-ventilador-industrial\" role=\"listitem\">\n\t\t\t<div class=\"elementor-post__card\">\n\t\t\t\t<a class=\"elementor-post__thumbnail__link\" href=\"https:\/\/oasis.hostingpruebaspearl.com\/en\/atmosfera-explosiva-y-la-funcion-de-los-sistemas-de-ventilacion\/\" tabindex=\"-1\" ><div class=\"elementor-post__thumbnail\"><img loading=\"lazy\" decoding=\"async\" width=\"300\" height=\"267\" src=\"https:\/\/oasis.hostingpruebaspearl.com\/wp-content\/uploads\/2020\/09\/blog_002-300x267.jpg\" class=\"attachment-medium size-medium wp-image-2787\" alt=\"atmosfera_explosiva\" srcset=\"https:\/\/oasis.hostingpruebaspearl.com\/wp-content\/uploads\/2020\/09\/blog_002-300x267.jpg 300w, https:\/\/oasis.hostingpruebaspearl.com\/wp-content\/uploads\/2020\/09\/blog_002.jpg 640w\" sizes=\"(max-width: 300px) 100vw, 300px\" \/><\/div><\/a>\n\t\t\t\t<div class=\"elementor-post__text\">\n\t\t\t\t<h3 class=\"elementor-post__title\">\n\t\t\t<a href=\"https:\/\/oasis.hostingpruebaspearl.com\/en\/atmosfera-explosiva-y-la-funcion-de-los-sistemas-de-ventilacion\/\" >\n\t\t\t\tExplosive Atmosphere and Ventilation Systems\t\t\t<\/a>\n\t\t<\/h3>\n\t\t\t\t<div class=\"elementor-post__excerpt\">\n\t\t\t<p>Durante los diversos procesos de producci\u00f3n, existen algunos materiales que puede crear una atm\u00f3sfera explosiva y por tanto de alto riesgo si no se realiza un manejo y control adecuado de ellos, ya que estos&#8230; <\/p>\n\t\t<\/div>\n\t\t\n\t\t<a class=\"elementor-post__read-more\" href=\"https:\/\/oasis.hostingpruebaspearl.com\/en\/atmosfera-explosiva-y-la-funcion-de-los-sistemas-de-ventilacion\/\" aria-label=\"Read more about Atm\u00f3sfera Explosiva y los Sistemas de Ventilaci\u00f3n\" tabindex=\"-1\" >\n\t\t\tRead more \u00bb\t\t<\/a>\n\n\t\t\t\t<\/div>\n\t\t\t\t<div class=\"elementor-post__meta-data\">\n\t\t\t\t\t<span class=\"elementor-post-date\">\n\t\t\t2 September, 2020\t\t<\/span>\n\t\t\t\t<\/div>\n\t\t\t\t\t<\/div>\n\t\t<\/article>\n\t\t\t\t<article class=\"elementor-post elementor-grid-item post-3195 post type-post status-publish format-standard has-post-thumbnail hentry category-colector-de-humos category-colector-de-neblinas category-colector-de-polvos category-colectores-industriales category-sin-categoria tag-colector-de-humos tag-colector-de-neblinas tag-colector-de-polvos\" role=\"listitem\">\n\t\t\t<div class=\"elementor-post__card\">\n\t\t\t\t<a class=\"elementor-post__thumbnail__link\" href=\"https:\/\/oasis.hostingpruebaspearl.com\/en\/cual-es-la-funcion-de-un-colector-de-polvos-industrial\/\" tabindex=\"-1\" ><div class=\"elementor-post__thumbnail\"><img loading=\"lazy\" decoding=\"async\" width=\"300\" height=\"267\" src=\"https:\/\/oasis.hostingpruebaspearl.com\/wp-content\/uploads\/2020\/10\/partes-de-un-colector-de-polvo-300x267.jpg\" class=\"attachment-medium size-medium wp-image-3201\" alt=\"partes-de-un-colector-de-polvo Colector de Polvos Industrial\" srcset=\"https:\/\/oasis.hostingpruebaspearl.com\/wp-content\/uploads\/2020\/10\/partes-de-un-colector-de-polvo-300x267.jpg 300w, https:\/\/oasis.hostingpruebaspearl.com\/wp-content\/uploads\/2020\/10\/partes-de-un-colector-de-polvo-13x12.jpg 13w, https:\/\/oasis.hostingpruebaspearl.com\/wp-content\/uploads\/2020\/10\/partes-de-un-colector-de-polvo.jpg 640w\" sizes=\"(max-width: 300px) 100vw, 300px\" \/><\/div><\/a>\n\t\t\t\t<div class=\"elementor-post__text\">\n\t\t\t\t<h3 class=\"elementor-post__title\">\n\t\t\t<a href=\"https:\/\/oasis.hostingpruebaspearl.com\/en\/cual-es-la-funcion-de-un-colector-de-polvos-industrial\/\" >\n\t\t\t\tWhat is the function of an Industrial Dust Collector\t\t\t<\/a>\n\t\t<\/h3>\n\t\t\t\t<div class=\"elementor-post__excerpt\">\n\t\t\t<p>La industria en todo el mundo genera a diario grandes vol\u00famenes de contaminantes, esto debido a los diversos procesos de producci\u00f3n, lo que afecta directamente a la calidad del aire dentro de las f\u00e1bricas&#8230; <\/p>\n\t\t<\/div>\n\t\t\n\t\t<a class=\"elementor-post__read-more\" href=\"https:\/\/oasis.hostingpruebaspearl.com\/en\/cual-es-la-funcion-de-un-colector-de-polvos-industrial\/\" aria-label=\"Read more about Cu\u00e1l es la funci\u00f3n de un Colector de Polvos Industrial\" tabindex=\"-1\" >\n\t\t\tRead more \u00bb\t\t<\/a>\n\n\t\t\t\t<\/div>\n\t\t\t\t<div class=\"elementor-post__meta-data\">\n\t\t\t\t\t<span class=\"elementor-post-date\">\n\t\t\t20 October, 2020\t\t<\/span>\n\t\t\t\t<\/div>\n\t\t\t\t\t<\/div>\n\t\t<\/article>\n\t\t\t\t<article class=\"elementor-post elementor-grid-item post-3652 post type-post status-publish format-standard has-post-thumbnail hentry category-ventilacion-industrial tag-colector-de-humos tag-colector-de-polvos tag-particulas tag-ventilacion-industrial\" role=\"listitem\">\n\t\t\t<div class=\"elementor-post__card\">\n\t\t\t\t<a class=\"elementor-post__thumbnail__link\" href=\"https:\/\/oasis.hostingpruebaspearl.com\/en\/particulas-suspendidas-en-el-aire-que-son\/\" tabindex=\"-1\" ><div class=\"elementor-post__thumbnail\"><img loading=\"lazy\" decoding=\"async\" width=\"300\" height=\"300\" src=\"https:\/\/oasis.hostingpruebaspearl.com\/wp-content\/uploads\/2021\/01\/particulas_en_el_aire-300x300.jpg\" class=\"attachment-medium size-medium wp-image-3653\" alt=\"Part\u00edculas suspendidas en el aire\" srcset=\"https:\/\/oasis.hostingpruebaspearl.com\/wp-content\/uploads\/2021\/01\/particulas_en_el_aire-300x300.jpg 300w, https:\/\/oasis.hostingpruebaspearl.com\/wp-content\/uploads\/2021\/01\/particulas_en_el_aire-150x150.jpg 150w, https:\/\/oasis.hostingpruebaspearl.com\/wp-content\/uploads\/2021\/01\/particulas_en_el_aire-768x768.jpg 768w, https:\/\/oasis.hostingpruebaspearl.com\/wp-content\/uploads\/2021\/01\/particulas_en_el_aire-12x12.jpg 12w, https:\/\/oasis.hostingpruebaspearl.com\/wp-content\/uploads\/2021\/01\/particulas_en_el_aire.jpg 1000w\" sizes=\"(max-width: 300px) 100vw, 300px\" \/><\/div><\/a>\n\t\t\t\t<div class=\"elementor-post__text\">\n\t\t\t\t<h3 class=\"elementor-post__title\">\n\t\t\t<a href=\"https:\/\/oasis.hostingpruebaspearl.com\/en\/particulas-suspendidas-en-el-aire-que-son\/\" >\n\t\t\t\tAirborne particles What are they?\t\t\t<\/a>\n\t\t<\/h3>\n\t\t\t\t<div class=\"elementor-post__excerpt\">\n\t\t\t<p>Los contaminantes en la atm\u00f3sfera son m\u00e1s comunes de lo que todo pensamos, estos impactan directamente en el medio ambiente y en la salud. Las part\u00edculas suspendidas a como se le conoce com\u00fanmente&#8230;<\/p>\n\t\t<\/div>\n\t\t\n\t\t<a class=\"elementor-post__read-more\" href=\"https:\/\/oasis.hostingpruebaspearl.com\/en\/particulas-suspendidas-en-el-aire-que-son\/\" aria-label=\"Read more about Part\u00edculas suspendidas en el aire \u00bfQu\u00e9 son?\" tabindex=\"-1\" >\n\t\t\tRead more \u00bb\t\t<\/a>\n\n\t\t\t\t<\/div>\n\t\t\t\t<div class=\"elementor-post__meta-data\">\n\t\t\t\t\t<span class=\"elementor-post-date\">\n\t\t\t27 January, 2021\t\t<\/span>\n\t\t\t\t<\/div>\n\t\t\t\t\t<\/div>\n\t\t<\/article>\n\t\t\t\t<\/div>\n\t\t\n\t\t\t\t\t\t<\/div>\n\t\t\t\t<\/div>\n\t\t\t\t\t<\/div>\n\t\t<\/div>\n\t\t\t\t\t<\/div>\n\t\t<\/section>\n\t\t\t\t\t<\/div>\n\t\t<\/div>\n\t\t\t\t\t<\/div>\n\t\t<\/section>\n\t\t\t\t<\/div>\n\t\t\t\t<\/div>\n\t\t\t\t\t\t<\/div>\n\t\t\t\t<\/div>\n\t\t\t\t\t<\/div>\n\t\t<\/div>\n\t\t\t\t\t<\/div>\n\t\t<\/section>\n\t\t\t\t<\/div>","protected":false},"excerpt":{"rendered":"<p>Para las empresas a nivel mundial, una de las principales preocupaciones hoy en d\u00eda, es el impacto de su producci\u00f3n en el medio ambiente, la calidad del aire es un tema prioritario por el riesgo que representa para&#8230; <\/p>","protected":false},"author":2,"featured_media":3086,"comment_status":"closed","ping_status":"closed","sticky":false,"template":"","format":"standard","meta":{"footnotes":""},"categories":[36],"tags":[25,14,17],"class_list":["post-3080","post","type-post","status-publish","format-standard","has-post-thumbnail","hentry","category-ventilacion-industrial","tag-calidad-del-aire","tag-colector-de-polvos","tag-ventilacion-industrial"],"yoast_head":"<!-- This site is optimized with the Yoast SEO Premium plugin v27.5 (Yoast SEO v28.1) - https:\/\/yoast.com\/product\/yoast-seo-premium-wordpress\/ -->\n<title>Calidad del aire y su impacto en la Salud y Medio Ambiente<\/title>\n<meta name=\"description\" content=\"Para las empresas, una de las principales preocupaciones es el impacto de su producci\u00f3n en el medio ambiente, la calidad del aire...\" \/>\n<meta name=\"robots\" content=\"index, follow, max-snippet:-1, max-image-preview:large, max-video-preview:-1\" \/>\n<link rel=\"canonical\" href=\"https:\/\/oasis.hostingpruebaspearl.com\/en\/calidad-del-aire-y-su-impacto-en-la-salud-y-medio-ambiente\/\" \/>\n<meta property=\"og:locale\" content=\"en_US\" \/>\n<meta property=\"og:type\" content=\"article\" \/>\n<meta property=\"og:title\" content=\"Calidad del aire y su impacto en la Salud y Medio Ambiente\" \/>\n<meta property=\"og:description\" content=\"Para las empresas, una de las principales preocupaciones es el impacto de su producci\u00f3n en el medio ambiente, la calidad del aire...\" \/>\n<meta property=\"og:url\" content=\"https:\/\/oasis.hostingpruebaspearl.com\/en\/calidad-del-aire-y-su-impacto-en-la-salud-y-medio-ambiente\/\" \/>\n<meta property=\"og:site_name\" content=\"Grupo Oasis\" \/>\n<meta property=\"article:publisher\" content=\"https:\/\/www.facebook.com\/gpooasis\" \/>\n<meta property=\"article:published_time\" content=\"2020-10-19T22:51:46+00:00\" \/>\n<meta property=\"article:modified_time\" content=\"2021-03-12T18:42:09+00:00\" \/>\n<meta property=\"og:image\" content=\"https:\/\/oasis.hostingpruebaspearl.com\/wp-content\/uploads\/2020\/10\/calidad_aire.jpg\" \/>\n\t<meta property=\"og:image:width\" content=\"640\" \/>\n\t<meta property=\"og:image:height\" content=\"570\" \/>\n\t<meta property=\"og:image:type\" content=\"image\/jpeg\" \/>\n<meta name=\"author\" content=\"Grupo Oasis\" \/>\n<meta name=\"twitter:label1\" content=\"Written by\" \/>\n\t<meta name=\"twitter:data1\" content=\"Grupo Oasis\" \/>\n\t<meta name=\"twitter:label2\" content=\"Est. reading time\" \/>\n\t<meta name=\"twitter:data2\" content=\"3 minutes\" \/>\n<script type=\"application\/ld+json\" class=\"yoast-schema-graph\">{\"@context\":\"https:\\\/\\\/schema.org\",\"@graph\":[{\"@type\":\"Article\",\"@id\":\"https:\\\/\\\/oasis.hostingpruebaspearl.com\\\/calidad-del-aire-y-su-impacto-en-la-salud-y-medio-ambiente\\\/#article\",\"isPartOf\":{\"@id\":\"https:\\\/\\\/oasis.hostingpruebaspearl.com\\\/calidad-del-aire-y-su-impacto-en-la-salud-y-medio-ambiente\\\/\"},\"author\":{\"name\":\"Grupo Oasis\",\"@id\":\"https:\\\/\\\/oasis.hostingpruebaspearl.com\\\/#\\\/schema\\\/person\\\/84b2a04491a619dff2c7b3cdd12dc2c3\"},\"headline\":\"Calidad del aire y su impacto en la Salud y Medio Ambiente\",\"datePublished\":\"2020-10-19T22:51:46+00:00\",\"dateModified\":\"2021-03-12T18:42:09+00:00\",\"mainEntityOfPage\":{\"@id\":\"https:\\\/\\\/oasis.hostingpruebaspearl.com\\\/calidad-del-aire-y-su-impacto-en-la-salud-y-medio-ambiente\\\/\"},\"wordCount\":591,\"publisher\":{\"@id\":\"https:\\\/\\\/oasis.hostingpruebaspearl.com\\\/#organization\"},\"image\":{\"@id\":\"https:\\\/\\\/oasis.hostingpruebaspearl.com\\\/calidad-del-aire-y-su-impacto-en-la-salud-y-medio-ambiente\\\/#primaryimage\"},\"thumbnailUrl\":\"https:\\\/\\\/oasis.hostingpruebaspearl.com\\\/wp-content\\\/uploads\\\/2020\\\/10\\\/calidad_aire.jpg\",\"keywords\":[\"Calidad del Aire\",\"Colector de Polvos\",\"Ventilaci\u00f3n Industrial\"],\"articleSection\":[\"Ventilaci\u00f3n Industrial\"],\"inLanguage\":\"en-US\"},{\"@type\":\"WebPage\",\"@id\":\"https:\\\/\\\/oasis.hostingpruebaspearl.com\\\/calidad-del-aire-y-su-impacto-en-la-salud-y-medio-ambiente\\\/\",\"url\":\"https:\\\/\\\/oasis.hostingpruebaspearl.com\\\/calidad-del-aire-y-su-impacto-en-la-salud-y-medio-ambiente\\\/\",\"name\":\"Calidad del aire y su impacto en la Salud y Medio Ambiente\",\"isPartOf\":{\"@id\":\"https:\\\/\\\/oasis.hostingpruebaspearl.com\\\/#website\"},\"primaryImageOfPage\":{\"@id\":\"https:\\\/\\\/oasis.hostingpruebaspearl.com\\\/calidad-del-aire-y-su-impacto-en-la-salud-y-medio-ambiente\\\/#primaryimage\"},\"image\":{\"@id\":\"https:\\\/\\\/oasis.hostingpruebaspearl.com\\\/calidad-del-aire-y-su-impacto-en-la-salud-y-medio-ambiente\\\/#primaryimage\"},\"thumbnailUrl\":\"https:\\\/\\\/oasis.hostingpruebaspearl.com\\\/wp-content\\\/uploads\\\/2020\\\/10\\\/calidad_aire.jpg\",\"datePublished\":\"2020-10-19T22:51:46+00:00\",\"dateModified\":\"2021-03-12T18:42:09+00:00\",\"description\":\"Para las empresas, una de las principales preocupaciones es el impacto de su producci\u00f3n en el medio ambiente, la calidad del aire...\",\"breadcrumb\":{\"@id\":\"https:\\\/\\\/oasis.hostingpruebaspearl.com\\\/calidad-del-aire-y-su-impacto-en-la-salud-y-medio-ambiente\\\/#breadcrumb\"},\"inLanguage\":\"en-US\",\"potentialAction\":[{\"@type\":\"ReadAction\",\"target\":[\"https:\\\/\\\/oasis.hostingpruebaspearl.com\\\/calidad-del-aire-y-su-impacto-en-la-salud-y-medio-ambiente\\\/\"]}]},{\"@type\":\"ImageObject\",\"inLanguage\":\"en-US\",\"@id\":\"https:\\\/\\\/oasis.hostingpruebaspearl.com\\\/calidad-del-aire-y-su-impacto-en-la-salud-y-medio-ambiente\\\/#primaryimage\",\"url\":\"https:\\\/\\\/oasis.hostingpruebaspearl.com\\\/wp-content\\\/uploads\\\/2020\\\/10\\\/calidad_aire.jpg\",\"contentUrl\":\"https:\\\/\\\/oasis.hostingpruebaspearl.com\\\/wp-content\\\/uploads\\\/2020\\\/10\\\/calidad_aire.jpg\",\"width\":640,\"height\":570,\"caption\":\"contaminacion-del-aire\"},{\"@type\":\"BreadcrumbList\",\"@id\":\"https:\\\/\\\/oasis.hostingpruebaspearl.com\\\/calidad-del-aire-y-su-impacto-en-la-salud-y-medio-ambiente\\\/#breadcrumb\",\"itemListElement\":[{\"@type\":\"ListItem\",\"position\":1,\"name\":\"Inicio\",\"item\":\"https:\\\/\\\/oasis.hostingpruebaspearl.com\\\/\"},{\"@type\":\"ListItem\",\"position\":2,\"name\":\"Calidad del aire y su impacto en la Salud y Medio Ambiente\"}]},{\"@type\":\"WebSite\",\"@id\":\"https:\\\/\\\/oasis.hostingpruebaspearl.com\\\/#website\",\"url\":\"https:\\\/\\\/oasis.hostingpruebaspearl.com\\\/\",\"name\":\"Grupo Oasis\",\"description\":\"Colectores de Humo y Polvo\",\"publisher\":{\"@id\":\"https:\\\/\\\/oasis.hostingpruebaspearl.com\\\/#organization\"},\"potentialAction\":[{\"@type\":\"SearchAction\",\"target\":{\"@type\":\"EntryPoint\",\"urlTemplate\":\"https:\\\/\\\/oasis.hostingpruebaspearl.com\\\/?s={search_term_string}\"},\"query-input\":{\"@type\":\"PropertyValueSpecification\",\"valueRequired\":true,\"valueName\":\"search_term_string\"}}],\"inLanguage\":\"en-US\"},{\"@type\":\"Organization\",\"@id\":\"https:\\\/\\\/oasis.hostingpruebaspearl.com\\\/#organization\",\"name\":\"Grupo OASIS\",\"url\":\"https:\\\/\\\/oasis.hostingpruebaspearl.com\\\/\",\"logo\":{\"@type\":\"ImageObject\",\"inLanguage\":\"en-US\",\"@id\":\"https:\\\/\\\/oasis.hostingpruebaspearl.com\\\/#\\\/schema\\\/logo\\\/image\\\/\",\"url\":\"http:\\\/\\\/oasis.hostingpruebaspearl.com\\\/wp-content\\\/uploads\\\/2020\\\/01\\\/logo_alta_oasis_PNG.png\",\"contentUrl\":\"http:\\\/\\\/oasis.hostingpruebaspearl.com\\\/wp-content\\\/uploads\\\/2020\\\/01\\\/logo_alta_oasis_PNG.png\",\"width\":3160,\"height\":1116,\"caption\":\"Grupo OASIS\"},\"image\":{\"@id\":\"https:\\\/\\\/oasis.hostingpruebaspearl.com\\\/#\\\/schema\\\/logo\\\/image\\\/\"},\"sameAs\":[\"https:\\\/\\\/www.facebook.com\\\/gpooasis\"]},{\"@type\":\"Person\",\"@id\":\"https:\\\/\\\/oasis.hostingpruebaspearl.com\\\/#\\\/schema\\\/person\\\/84b2a04491a619dff2c7b3cdd12dc2c3\",\"name\":\"Grupo Oasis\",\"image\":{\"@type\":\"ImageObject\",\"inLanguage\":\"en-US\",\"@id\":\"https:\\\/\\\/secure.gravatar.com\\\/avatar\\\/c21e5eeb14bd9b94e5d7783c72812532e325e4db5aaf1b65cb028fb707d240a3?s=96&d=mm&r=g\",\"url\":\"https:\\\/\\\/secure.gravatar.com\\\/avatar\\\/c21e5eeb14bd9b94e5d7783c72812532e325e4db5aaf1b65cb028fb707d240a3?s=96&d=mm&r=g\",\"contentUrl\":\"https:\\\/\\\/secure.gravatar.com\\\/avatar\\\/c21e5eeb14bd9b94e5d7783c72812532e325e4db5aaf1b65cb028fb707d240a3?s=96&d=mm&r=g\",\"caption\":\"Grupo Oasis\"},\"sameAs\":[\"AlanHutchinson\"],\"url\":\"https:\\\/\\\/oasis.hostingpruebaspearl.com\\\/en\\\/author\\\/jesus\\\/\"}]}<\/script>\n<!-- \/ Yoast SEO Premium plugin. -->","yoast_head_json":{"title":"Air quality and its impact on Health and the Environment","description":"For companies, one of the main concerns is the impact of their production on the environment, air quality ...","robots":{"index":"index","follow":"follow","max-snippet":"max-snippet:-1","max-image-preview":"max-image-preview:large","max-video-preview":"max-video-preview:-1"},"canonical":"https:\/\/oasis.hostingpruebaspearl.com\/en\/calidad-del-aire-y-su-impacto-en-la-salud-y-medio-ambiente\/","og_locale":"en_US","og_type":"article","og_title":"Calidad del aire y su impacto en la Salud y Medio Ambiente","og_description":"Para las empresas, una de las principales preocupaciones es el impacto de su producci\u00f3n en el medio ambiente, la calidad del aire...","og_url":"https:\/\/oasis.hostingpruebaspearl.com\/en\/calidad-del-aire-y-su-impacto-en-la-salud-y-medio-ambiente\/","og_site_name":"Grupo Oasis","article_publisher":"https:\/\/www.facebook.com\/gpooasis","article_published_time":"2020-10-19T22:51:46+00:00","article_modified_time":"2021-03-12T18:42:09+00:00","og_image":[{"width":640,"height":570,"url":"https:\/\/oasis.hostingpruebaspearl.com\/wp-content\/uploads\/2020\/10\/calidad_aire.jpg","type":"image\/jpeg"}],"author":"Grupo Oasis","twitter_misc":{"Written by":"Grupo Oasis","Est. reading time":"3 minutes"},"schema":{"@context":"https:\/\/schema.org","@graph":[{"@type":"Article","@id":"https:\/\/oasis.hostingpruebaspearl.com\/calidad-del-aire-y-su-impacto-en-la-salud-y-medio-ambiente\/#article","isPartOf":{"@id":"https:\/\/oasis.hostingpruebaspearl.com\/calidad-del-aire-y-su-impacto-en-la-salud-y-medio-ambiente\/"},"author":{"name":"Grupo Oasis","@id":"https:\/\/oasis.hostingpruebaspearl.com\/#\/schema\/person\/84b2a04491a619dff2c7b3cdd12dc2c3"},"headline":"Calidad del aire y su impacto en la Salud y Medio Ambiente","datePublished":"2020-10-19T22:51:46+00:00","dateModified":"2021-03-12T18:42:09+00:00","mainEntityOfPage":{"@id":"https:\/\/oasis.hostingpruebaspearl.com\/calidad-del-aire-y-su-impacto-en-la-salud-y-medio-ambiente\/"},"wordCount":591,"publisher":{"@id":"https:\/\/oasis.hostingpruebaspearl.com\/#organization"},"image":{"@id":"https:\/\/oasis.hostingpruebaspearl.com\/calidad-del-aire-y-su-impacto-en-la-salud-y-medio-ambiente\/#primaryimage"},"thumbnailUrl":"https:\/\/oasis.hostingpruebaspearl.com\/wp-content\/uploads\/2020\/10\/calidad_aire.jpg","keywords":["Calidad del Aire","Colector de Polvos","Ventilaci\u00f3n Industrial"],"articleSection":["Ventilaci\u00f3n Industrial"],"inLanguage":"en-US"},{"@type":"WebPage","@id":"https:\/\/oasis.hostingpruebaspearl.com\/calidad-del-aire-y-su-impacto-en-la-salud-y-medio-ambiente\/","url":"https:\/\/oasis.hostingpruebaspearl.com\/calidad-del-aire-y-su-impacto-en-la-salud-y-medio-ambiente\/","name":"Air quality and its impact on Health and the Environment","isPartOf":{"@id":"https:\/\/oasis.hostingpruebaspearl.com\/#website"},"primaryImageOfPage":{"@id":"https:\/\/oasis.hostingpruebaspearl.com\/calidad-del-aire-y-su-impacto-en-la-salud-y-medio-ambiente\/#primaryimage"},"image":{"@id":"https:\/\/oasis.hostingpruebaspearl.com\/calidad-del-aire-y-su-impacto-en-la-salud-y-medio-ambiente\/#primaryimage"},"thumbnailUrl":"https:\/\/oasis.hostingpruebaspearl.com\/wp-content\/uploads\/2020\/10\/calidad_aire.jpg","datePublished":"2020-10-19T22:51:46+00:00","dateModified":"2021-03-12T18:42:09+00:00","description":"For companies, one of the main concerns is the impact of their production on the environment, air quality ...","breadcrumb":{"@id":"https:\/\/oasis.hostingpruebaspearl.com\/calidad-del-aire-y-su-impacto-en-la-salud-y-medio-ambiente\/#breadcrumb"},"inLanguage":"en-US","potentialAction":[{"@type":"ReadAction","target":["https:\/\/oasis.hostingpruebaspearl.com\/calidad-del-aire-y-su-impacto-en-la-salud-y-medio-ambiente\/"]}]},{"@type":"ImageObject","inLanguage":"en-US","@id":"https:\/\/oasis.hostingpruebaspearl.com\/calidad-del-aire-y-su-impacto-en-la-salud-y-medio-ambiente\/#primaryimage","url":"https:\/\/oasis.hostingpruebaspearl.com\/wp-content\/uploads\/2020\/10\/calidad_aire.jpg","contentUrl":"https:\/\/oasis.hostingpruebaspearl.com\/wp-content\/uploads\/2020\/10\/calidad_aire.jpg","width":640,"height":570,"caption":"contaminacion-del-aire"},{"@type":"BreadcrumbList","@id":"https:\/\/oasis.hostingpruebaspearl.com\/calidad-del-aire-y-su-impacto-en-la-salud-y-medio-ambiente\/#breadcrumb","itemListElement":[{"@type":"ListItem","position":1,"name":"Inicio","item":"https:\/\/oasis.hostingpruebaspearl.com\/"},{"@type":"ListItem","position":2,"name":"Calidad del aire y su impacto en la Salud y Medio Ambiente"}]},{"@type":"WebSite","@id":"https:\/\/oasis.hostingpruebaspearl.com\/#website","url":"https:\/\/oasis.hostingpruebaspearl.com\/","name":"Grupo Oasis","description":"Colectores de Humo y Polvo","publisher":{"@id":"https:\/\/oasis.hostingpruebaspearl.com\/#organization"},"potentialAction":[{"@type":"SearchAction","target":{"@type":"EntryPoint","urlTemplate":"https:\/\/oasis.hostingpruebaspearl.com\/?s={search_term_string}"},"query-input":{"@type":"PropertyValueSpecification","valueRequired":true,"valueName":"search_term_string"}}],"inLanguage":"en-US"},{"@type":"Organization","@id":"https:\/\/oasis.hostingpruebaspearl.com\/#organization","name":"Grupo OASIS","url":"https:\/\/oasis.hostingpruebaspearl.com\/","logo":{"@type":"ImageObject","inLanguage":"en-US","@id":"https:\/\/oasis.hostingpruebaspearl.com\/#\/schema\/logo\/image\/","url":"http:\/\/oasis.hostingpruebaspearl.com\/wp-content\/uploads\/2020\/01\/logo_alta_oasis_PNG.png","contentUrl":"http:\/\/oasis.hostingpruebaspearl.com\/wp-content\/uploads\/2020\/01\/logo_alta_oasis_PNG.png","width":3160,"height":1116,"caption":"Grupo OASIS"},"image":{"@id":"https:\/\/oasis.hostingpruebaspearl.com\/#\/schema\/logo\/image\/"},"sameAs":["https:\/\/www.facebook.com\/gpooasis"]},{"@type":"Person","@id":"https:\/\/oasis.hostingpruebaspearl.com\/#\/schema\/person\/84b2a04491a619dff2c7b3cdd12dc2c3","name":"Grupo Oasis","image":{"@type":"ImageObject","inLanguage":"en-US","@id":"https:\/\/secure.gravatar.com\/avatar\/c21e5eeb14bd9b94e5d7783c72812532e325e4db5aaf1b65cb028fb707d240a3?s=96&d=mm&r=g","url":"https:\/\/secure.gravatar.com\/avatar\/c21e5eeb14bd9b94e5d7783c72812532e325e4db5aaf1b65cb028fb707d240a3?s=96&d=mm&r=g","contentUrl":"https:\/\/secure.gravatar.com\/avatar\/c21e5eeb14bd9b94e5d7783c72812532e325e4db5aaf1b65cb028fb707d240a3?s=96&d=mm&r=g","caption":"Grupo Oasis"},"sameAs":["AlanHutchinson"],"url":"https:\/\/oasis.hostingpruebaspearl.com\/en\/author\/jesus\/"}]}},"_links":{"self":[{"href":"https:\/\/oasis.hostingpruebaspearl.com\/en\/wp-json\/wp\/v2\/posts\/3080","targetHints":{"allow":["GET"]}}],"collection":[{"href":"https:\/\/oasis.hostingpruebaspearl.com\/en\/wp-json\/wp\/v2\/posts"}],"about":[{"href":"https:\/\/oasis.hostingpruebaspearl.com\/en\/wp-json\/wp\/v2\/types\/post"}],"author":[{"embeddable":true,"href":"https:\/\/oasis.hostingpruebaspearl.com\/en\/wp-json\/wp\/v2\/users\/2"}],"replies":[{"embeddable":true,"href":"https:\/\/oasis.hostingpruebaspearl.com\/en\/wp-json\/wp\/v2\/comments?post=3080"}],"version-history":[{"count":17,"href":"https:\/\/oasis.hostingpruebaspearl.com\/en\/wp-json\/wp\/v2\/posts\/3080\/revisions"}],"predecessor-version":[{"id":3787,"href":"https:\/\/oasis.hostingpruebaspearl.com\/en\/wp-json\/wp\/v2\/posts\/3080\/revisions\/3787"}],"wp:featuredmedia":[{"embeddable":true,"href":"https:\/\/oasis.hostingpruebaspearl.com\/en\/wp-json\/wp\/v2\/media\/3086"}],"wp:attachment":[{"href":"https:\/\/oasis.hostingpruebaspearl.com\/en\/wp-json\/wp\/v2\/media?parent=3080"}],"wp:term":[{"taxonomy":"category","embeddable":true,"href":"https:\/\/oasis.hostingpruebaspearl.com\/en\/wp-json\/wp\/v2\/categories?post=3080"},{"taxonomy":"post_tag","embeddable":true,"href":"https:\/\/oasis.hostingpruebaspearl.com\/en\/wp-json\/wp\/v2\/tags?post=3080"}],"curies":[{"name":"wp","href":"https:\/\/api.w.org\/{rel}","templated":true}]}}